{"id":1076,"date":"2016-11-24T13:47:34","date_gmt":"2016-11-24T12:47:34","guid":{"rendered":"http:\/\/www.seeuferweg.ch\/?p=1076"},"modified":"2026-02-18T21:14:32","modified_gmt":"2026-02-18T20:14:32","slug":"pfruenderhaab-in-maennedorf","status":"publish","type":"post","link":"https:\/\/www.seeuferweg.ch\/?p=1076","title":{"rendered":"Pfruenderhaab in M\u00e4nnedorf"},"content":{"rendered":"<p>Ab Fr\u00fchling 2017 wird die gesamte Seeanlage Pfruenderhaab der Bev\u00f6lkerung als Erholungsort zur Verf\u00fcgung stehen. Mehr Informationen:<br \/><u><a href=\"\/pdf\/20161124_mm_maennedorf.pdf\" target=\"_blank\" rel=\"noopener noreferrer\">Medienmitteilung der Gemeinde<\/a><\/u><\/p>\n\n\n<p><\/p>\n","protected":false},"excerpt":{"rendered":"<p>Ab Fr\u00fchling 2017 wird die gesamte Seeanlage Pfruenderhaab der Bev\u00f6lkerung als Erholungsort zur Verf\u00fcgung stehen. Mehr Informationen:Medienmitteilung der Gemeinde<\/p>\n","protected":false},"author":1,"featured_media":0,"comment_status":"open","ping_status":"closed","sticky":false,"template":"","format":"standard","meta":{"give_campaign_id":0,"_mo_disable_npp":"","footnotes":""},"categories":[1],"tags":[],"class_list":["post-1076","post","type-post","status-publish","format-standard","hentry","category-aktuell"],"_links":{"self":[{"href":"https:\/\/www.seeuferweg.ch\/index.php?rest_route=\/wp\/v2\/posts\/1076","targetHints":{"allow":["GET"]}}],"collection":[{"href":"https:\/\/www.seeuferweg.ch\/index.php?rest_route=\/wp\/v2\/posts"}],"about":[{"href":"https:\/\/www.seeuferweg.ch\/index.php?rest_route=\/wp\/v2\/types\/post"}],"author":[{"embeddable":true,"href":"https:\/\/www.seeuferweg.ch\/index.php?rest_route=\/wp\/v2\/users\/1"}],"replies":[{"embeddable":true,"href":"https:\/\/www.seeuferweg.ch\/index.php?rest_route=%2Fwp%2Fv2%2Fcomments&post=1076"}],"version-history":[{"count":2,"href":"https:\/\/www.seeuferweg.ch\/index.php?rest_route=\/wp\/v2\/posts\/1076\/revisions"}],"predecessor-version":[{"id":1174982,"href":"https:\/\/www.seeuferweg.ch\/index.php?rest_route=\/wp\/v2\/posts\/1076\/revisions\/1174982"}],"wp:attachment":[{"href":"https:\/\/www.seeuferweg.ch\/index.php?rest_route=%2Fwp%2Fv2%2Fmedia&parent=1076"}],"wp:term":[{"taxonomy":"category","embeddable":true,"href":"https:\/\/www.seeuferweg.ch\/index.php?rest_route=%2Fwp%2Fv2%2Fcategories&post=1076"},{"taxonomy":"post_tag","embeddable":true,"href":"https:\/\/www.seeuferweg.ch\/index.php?rest_route=%2Fwp%2Fv2%2Ftags&post=1076"}],"curies":[{"name":"wp","href":"https:\/\/api.w.org\/{rel}","templated":true}]}}